{"id":1877,"date":"2024-03-15T15:00:00","date_gmt":"2024-03-15T15:00:00","guid":{"rendered":"https:\/\/erikeriksson.nu\/?p=1877"},"modified":"2024-03-15T15:00:00","modified_gmt":"2024-03-15T15:00:00","slug":"rosenmontagszug-koeln-aufstellung","status":"publish","type":"post","link":"https:\/\/erikeriksson.nu\/de\/blog\/rosenmontagszug-koeln-aufstellung\/","title":{"rendered":"Rosenmontagszug K\u00f6ln Aufstellung"},"content":{"rendered":"<p>Wenn die Karnevalszeit in K\u00f6ln ihren H\u00f6hepunkt erreicht, steht ein Ereignis besonders im Mittelpunkt: der Rosenmontagszug. Die Aufstellung dieses spektakul\u00e4ren Umzugs ist jedes Jahr aufs Neue ein Meisterwerk organisatorischer Pr\u00e4zision und kreativer Entfaltung. In diesem Artikel werfen wir einen detaillierten Blick auf die Aufstellung des Rosenmontagszugs in K\u00f6ln und entdecken, was dieses Event so einzigartig macht.<\/p>\n<h2>Einblick in den Rosenmontagszug<\/h2>\n<p>Der Rosenmontagszug in K\u00f6ln ist ein zentraler Bestandteil des Karnevals und zieht j\u00e4hrlich Hunderttausende von Besuchern aus aller Welt an. Mit farbenpr\u00e4chtigen Wagen, Tanzgruppen und Musikkapellen verk\u00f6rpert der Zug die ausgelassene Freude und den Humor, der den K\u00f6lner Karneval auszeichnet. Doch bevor dieser bunte Reigen durch die Stra\u00dfen zieht, bedarf es einer sorgf\u00e4ltigen Planung und Aufstellung.<\/p>\n<h2>Aufstellung des Rosenmontagszugs<\/h2>\n<p>Die Aufstellung des Rosenmontagszugs beginnt lange vor dem eigentlichen Start. Monate im Voraus werden Themen festgelegt, Wagen gebaut und Teilnehmer koordiniert. Hier eine \u00dcbersicht der wichtigsten Schritte der Aufstellung:<\/p>\n<ul>\n<li>Themenauswahl f\u00fcr die Wagen<\/li>\n<li>Konstruktion und Gestaltung der Wagen<\/li>\n<li>Zuweisung der Gruppen und Positionen<\/li>\n<li>Letzte Proben und Koordination am Vortag<\/li>\n<\/ul>\n<h3>Route des Zuges<\/h3>\n<p>Der Routenverlauf ist ein ebenso wichtiger Teil der Planung. Traditionell erstreckt sich der Rosenmontagszug \u00fcber mehrere Kilometer durch das K\u00f6lner Stadtzentrum. Die genaue Route kann jedes Jahr variieren, typische Startpunkte liegen jedoch oft in der N\u00e4he des Chlodwigplatzes, von wo aus der Zug sich seinen Weg durch die Innenstadt bahnt.<\/p>\n<table>\n<tr>\n<th>Wichtige Punkte entlang der Route<\/th>\n<th>Beschreibung<\/th>\n<\/tr>\n<tr>\n<td>Chlodwigplatz<\/td>\n<td>Traditioneller Startpunkt des Zuges<\/td>\n<\/tr>\n<tr>\n<td>Neumarkt<\/td>\n<td>Kernst\u00fcck des karnevalistischen Treibens<\/td>\n<\/tr>\n<tr>\n<td>Domplatte<\/td>\n<td>Symbolischer H\u00f6hepunkt nahe dem K\u00f6lner Dom<\/td>\n<\/tr>\n<\/table>\n<h2>Warum die Aufstellung so wichtig ist<\/h2>\n<p>Die detaillierte Aufstellung des Rosenmontagszugs garantiert einen reibungslosen Ablauf und erm\u00f6glicht es allen Teilnehmern, gleichzeitig ihre Kunst zu pr\u00e4sentieren und die Sicherheit der Zuschauer zu gew\u00e4hrleisten. Eine gut organisierte Aufstellung bedeutet auch, dass jeder Wagen und jede Gruppe zur richtigen Zeit am richtigen Ort ist, um die kulturelle Vielfalt und Kreativit\u00e4t, die der K\u00f6lner Karneval zu bieten hat, voll zur Geltung zu bringen.<\/p>\n<p>Ob Sie nun pers\u00f6nlich vor Ort sind oder den Rosenmontagszug aus der Ferne verfolgen, die Faszination und Freude, die diese traditionelle Veranstaltung ausstrahlt, bleibt ungetr\u00fcbt. Die akribische Aufstellung und Planung hinter den Kulissen sorgt Jahr f\u00fcr Jahr daf\u00fcr, dass der Rosenmontagszug in K\u00f6ln ein unvergessliches Erlebnis f\u00fcr alle Beteiligten wird.<\/p>\n","protected":false},"excerpt":{"rendered":"<p>Wenn die Karnevalszeit in K\u00f6ln ihren H\u00f6hepunkt erreicht, steht ein Ereignis besonders im Mittelpunkt: der Rosenmontagszug. Die Aufstellung dieses spektakul\u00e4ren Umzugs ist jedes Jahr aufs Neue ein Meisterwerk organisatorischer Pr\u00e4zision und kreativer Entfaltung. In diesem Artikel werfen wir einen detaillierten Blick auf die Aufstellung des Rosenmontagszugs in K\u00f6ln und entdecken, was dieses Event so einzigartig [&hellip;]<\/p>\n","protected":false},"author":1,"featured_media":1775,"comment_status":"open","ping_status":"open","sticky":false,"template":"","format":"standard","meta":{"footnotes":""},"categories":[68],"tags":[],"class_list":["post-1877","post","type-post","status-publish","format-standard","has-post-thumbnail","hentry","category-blog"],"yoast_head":"<!-- This site is optimized with the Yoast SEO plugin v27.5 - https:\/\/yoast.com\/product\/yoast-seo-wordpress\/ -->\n<title>Rosenmontagszug K\u00f6ln Aufstellung - Erik Eriksson<\/title>\n<meta name=\"robots\" content=\"index, follow, max-snippet:-1, max-image-preview:large, max-video-preview:-1\" \/>\n<link rel=\"canonical\" href=\"https:\/\/erikeriksson.nu\/de\/blog\/rosenmontagszug-koeln-aufstellung\/\" \/>\n<meta property=\"og:locale\" content=\"de_DE\" \/>\n<meta property=\"og:type\" content=\"article\" \/>\n<meta property=\"og:title\" content=\"Rosenmontagszug K\u00f6ln Aufstellung - Erik Eriksson\" \/>\n<meta property=\"og:description\" content=\"Wenn die Karnevalszeit in K\u00f6ln ihren H\u00f6hepunkt erreicht, steht ein Ereignis besonders im Mittelpunkt: der Rosenmontagszug. Die Aufstellung dieses spektakul\u00e4ren Umzugs ist jedes Jahr aufs Neue ein Meisterwerk organisatorischer Pr\u00e4zision und kreativer Entfaltung. In diesem Artikel werfen wir einen detaillierten Blick auf die Aufstellung des Rosenmontagszugs in K\u00f6ln und entdecken, was dieses Event so einzigartig [&hellip;]\" \/>\n<meta property=\"og:url\" content=\"https:\/\/erikeriksson.nu\/de\/blog\/rosenmontagszug-koeln-aufstellung\/\" \/>\n<meta property=\"og:site_name\" content=\"Erik Eriksson\" \/>\n<meta property=\"article:published_time\" content=\"2024-03-15T15:00:00+00:00\" \/>\n<meta property=\"og:image\" content=\"https:\/\/erikeriksson.nu\/wp-content\/uploads\/2024\/02\/fotball-4-2.jpg\" \/>\n\t<meta property=\"og:image:width\" content=\"1290\" \/>\n\t<meta property=\"og:image:height\" content=\"790\" \/>\n\t<meta property=\"og:image:type\" content=\"image\/jpeg\" \/>\n<meta name=\"author\" content=\"erikeriksson\" \/>\n<meta name=\"twitter:card\" content=\"summary_large_image\" \/>\n<meta name=\"twitter:label1\" content=\"Verfasst von\" \/>\n\t<meta name=\"twitter:data1\" content=\"erikeriksson\" \/>\n\t<meta name=\"twitter:label2\" content=\"Gesch\u00e4tzte Lesezeit\" \/>\n\t<meta name=\"twitter:data2\" content=\"2\u00a0Minuten\" \/>\n<script type=\"application\/ld+json\" class=\"yoast-schema-graph\">{\"@context\":\"https:\\\/\\\/schema.org\",\"@graph\":[{\"@type\":\"Article\",\"@id\":\"https:\\\/\\\/erikeriksson.nu\\\/de\\\/blog\\\/rosenmontagszug-koeln-aufstellung\\\/#article\",\"isPartOf\":{\"@id\":\"https:\\\/\\\/erikeriksson.nu\\\/de\\\/blog\\\/rosenmontagszug-koeln-aufstellung\\\/\"},\"author\":{\"name\":\"erikeriksson\",\"@id\":\"https:\\\/\\\/erikeriksson.nu\\\/#\\\/schema\\\/person\\\/dfa17d175b56c3520066f752da240d97\"},\"headline\":\"Rosenmontagszug K\u00f6ln Aufstellung\",\"datePublished\":\"2024-03-15T15:00:00+00:00\",\"mainEntityOfPage\":{\"@id\":\"https:\\\/\\\/erikeriksson.nu\\\/de\\\/blog\\\/rosenmontagszug-koeln-aufstellung\\\/\"},\"wordCount\":396,\"commentCount\":0,\"image\":{\"@id\":\"https:\\\/\\\/erikeriksson.nu\\\/de\\\/blog\\\/rosenmontagszug-koeln-aufstellung\\\/#primaryimage\"},\"thumbnailUrl\":\"https:\\\/\\\/erikeriksson.nu\\\/wp-content\\\/uploads\\\/2024\\\/02\\\/fotball-4-2.jpg\",\"articleSection\":[\"Blog\"],\"inLanguage\":\"de\",\"potentialAction\":[{\"@type\":\"CommentAction\",\"name\":\"Comment\",\"target\":[\"https:\\\/\\\/erikeriksson.nu\\\/de\\\/blog\\\/rosenmontagszug-koeln-aufstellung\\\/#respond\"]}]},{\"@type\":\"WebPage\",\"@id\":\"https:\\\/\\\/erikeriksson.nu\\\/de\\\/blog\\\/rosenmontagszug-koeln-aufstellung\\\/\",\"url\":\"https:\\\/\\\/erikeriksson.nu\\\/de\\\/blog\\\/rosenmontagszug-koeln-aufstellung\\\/\",\"name\":\"Rosenmontagszug K\u00f6ln Aufstellung - Erik Eriksson\",\"isPartOf\":{\"@id\":\"https:\\\/\\\/erikeriksson.nu\\\/#website\"},\"primaryImageOfPage\":{\"@id\":\"https:\\\/\\\/erikeriksson.nu\\\/de\\\/blog\\\/rosenmontagszug-koeln-aufstellung\\\/#primaryimage\"},\"image\":{\"@id\":\"https:\\\/\\\/erikeriksson.nu\\\/de\\\/blog\\\/rosenmontagszug-koeln-aufstellung\\\/#primaryimage\"},\"thumbnailUrl\":\"https:\\\/\\\/erikeriksson.nu\\\/wp-content\\\/uploads\\\/2024\\\/02\\\/fotball-4-2.jpg\",\"datePublished\":\"2024-03-15T15:00:00+00:00\",\"author\":{\"@id\":\"https:\\\/\\\/erikeriksson.nu\\\/#\\\/schema\\\/person\\\/dfa17d175b56c3520066f752da240d97\"},\"breadcrumb\":{\"@id\":\"https:\\\/\\\/erikeriksson.nu\\\/de\\\/blog\\\/rosenmontagszug-koeln-aufstellung\\\/#breadcrumb\"},\"inLanguage\":\"de\",\"potentialAction\":[{\"@type\":\"ReadAction\",\"target\":[\"https:\\\/\\\/erikeriksson.nu\\\/de\\\/blog\\\/rosenmontagszug-koeln-aufstellung\\\/\"]}]},{\"@type\":\"ImageObject\",\"inLanguage\":\"de\",\"@id\":\"https:\\\/\\\/erikeriksson.nu\\\/de\\\/blog\\\/rosenmontagszug-koeln-aufstellung\\\/#primaryimage\",\"url\":\"https:\\\/\\\/erikeriksson.nu\\\/wp-content\\\/uploads\\\/2024\\\/02\\\/fotball-4-2.jpg\",\"contentUrl\":\"https:\\\/\\\/erikeriksson.nu\\\/wp-content\\\/uploads\\\/2024\\\/02\\\/fotball-4-2.jpg\",\"width\":1290,\"height\":790},{\"@type\":\"BreadcrumbList\",\"@id\":\"https:\\\/\\\/erikeriksson.nu\\\/de\\\/blog\\\/rosenmontagszug-koeln-aufstellung\\\/#breadcrumb\",\"itemListElement\":[{\"@type\":\"ListItem\",\"position\":1,\"name\":\"Hem\",\"item\":\"https:\\\/\\\/erikeriksson.nu\\\/de\\\/\"},{\"@type\":\"ListItem\",\"position\":2,\"name\":\"Rosenmontagszug K\u00f6ln Aufstellung\"}]},{\"@type\":\"WebSite\",\"@id\":\"https:\\\/\\\/erikeriksson.nu\\\/#website\",\"url\":\"https:\\\/\\\/erikeriksson.nu\\\/\",\"name\":\"Erik Eriksson\",\"description\":\"Guider och recensioner\",\"potentialAction\":[{\"@type\":\"SearchAction\",\"target\":{\"@type\":\"EntryPoint\",\"urlTemplate\":\"https:\\\/\\\/erikeriksson.nu\\\/?s={search_term_string}\"},\"query-input\":{\"@type\":\"PropertyValueSpecification\",\"valueRequired\":true,\"valueName\":\"search_term_string\"}}],\"inLanguage\":\"de\"},{\"@type\":\"Person\",\"@id\":\"https:\\\/\\\/erikeriksson.nu\\\/#\\\/schema\\\/person\\\/dfa17d175b56c3520066f752da240d97\",\"name\":\"erikeriksson\",\"image\":{\"@type\":\"ImageObject\",\"inLanguage\":\"de\",\"@id\":\"https:\\\/\\\/secure.gravatar.com\\\/avatar\\\/cd40d0121d9680119c99e20d43d3708e62a6798b3e61d8814bcdd4c7b52e97b6?s=96&d=mm&r=g\",\"url\":\"https:\\\/\\\/secure.gravatar.com\\\/avatar\\\/cd40d0121d9680119c99e20d43d3708e62a6798b3e61d8814bcdd4c7b52e97b6?s=96&d=mm&r=g\",\"contentUrl\":\"https:\\\/\\\/secure.gravatar.com\\\/avatar\\\/cd40d0121d9680119c99e20d43d3708e62a6798b3e61d8814bcdd4c7b52e97b6?s=96&d=mm&r=g\",\"caption\":\"erikeriksson\"},\"sameAs\":[\"http:\\\/\\\/erikeriksson.nu\"],\"url\":\"https:\\\/\\\/erikeriksson.nu\\\/de\\\/author\\\/erikeriksson\\\/\"}]}<\/script>\n<!-- \/ Yoast SEO plugin. -->","yoast_head_json":{"title":"Rosenmontagszug K\u00f6ln Aufstellung - Erik Eriksson","robots":{"index":"index","follow":"follow","max-snippet":"max-snippet:-1","max-image-preview":"max-image-preview:large","max-video-preview":"max-video-preview:-1"},"canonical":"https:\/\/erikeriksson.nu\/de\/blog\/rosenmontagszug-koeln-aufstellung\/","og_locale":"de_DE","og_type":"article","og_title":"Rosenmontagszug K\u00f6ln Aufstellung - Erik Eriksson","og_description":"Wenn die Karnevalszeit in K\u00f6ln ihren H\u00f6hepunkt erreicht, steht ein Ereignis besonders im Mittelpunkt: der Rosenmontagszug. Die Aufstellung dieses spektakul\u00e4ren Umzugs ist jedes Jahr aufs Neue ein Meisterwerk organisatorischer Pr\u00e4zision und kreativer Entfaltung. In diesem Artikel werfen wir einen detaillierten Blick auf die Aufstellung des Rosenmontagszugs in K\u00f6ln und entdecken, was dieses Event so einzigartig [&hellip;]","og_url":"https:\/\/erikeriksson.nu\/de\/blog\/rosenmontagszug-koeln-aufstellung\/","og_site_name":"Erik Eriksson","article_published_time":"2024-03-15T15:00:00+00:00","og_image":[{"width":1290,"height":790,"url":"https:\/\/erikeriksson.nu\/wp-content\/uploads\/2024\/02\/fotball-4-2.jpg","type":"image\/jpeg"}],"author":"erikeriksson","twitter_card":"summary_large_image","twitter_misc":{"Verfasst von":"erikeriksson","Gesch\u00e4tzte Lesezeit":"2\u00a0Minuten"},"schema":{"@context":"https:\/\/schema.org","@graph":[{"@type":"Article","@id":"https:\/\/erikeriksson.nu\/de\/blog\/rosenmontagszug-koeln-aufstellung\/#article","isPartOf":{"@id":"https:\/\/erikeriksson.nu\/de\/blog\/rosenmontagszug-koeln-aufstellung\/"},"author":{"name":"erikeriksson","@id":"https:\/\/erikeriksson.nu\/#\/schema\/person\/dfa17d175b56c3520066f752da240d97"},"headline":"Rosenmontagszug K\u00f6ln Aufstellung","datePublished":"2024-03-15T15:00:00+00:00","mainEntityOfPage":{"@id":"https:\/\/erikeriksson.nu\/de\/blog\/rosenmontagszug-koeln-aufstellung\/"},"wordCount":396,"commentCount":0,"image":{"@id":"https:\/\/erikeriksson.nu\/de\/blog\/rosenmontagszug-koeln-aufstellung\/#primaryimage"},"thumbnailUrl":"https:\/\/erikeriksson.nu\/wp-content\/uploads\/2024\/02\/fotball-4-2.jpg","articleSection":["Blog"],"inLanguage":"de","potentialAction":[{"@type":"CommentAction","name":"Comment","target":["https:\/\/erikeriksson.nu\/de\/blog\/rosenmontagszug-koeln-aufstellung\/#respond"]}]},{"@type":"WebPage","@id":"https:\/\/erikeriksson.nu\/de\/blog\/rosenmontagszug-koeln-aufstellung\/","url":"https:\/\/erikeriksson.nu\/de\/blog\/rosenmontagszug-koeln-aufstellung\/","name":"Rosenmontagszug K\u00f6ln Aufstellung - Erik Eriksson","isPartOf":{"@id":"https:\/\/erikeriksson.nu\/#website"},"primaryImageOfPage":{"@id":"https:\/\/erikeriksson.nu\/de\/blog\/rosenmontagszug-koeln-aufstellung\/#primaryimage"},"image":{"@id":"https:\/\/erikeriksson.nu\/de\/blog\/rosenmontagszug-koeln-aufstellung\/#primaryimage"},"thumbnailUrl":"https:\/\/erikeriksson.nu\/wp-content\/uploads\/2024\/02\/fotball-4-2.jpg","datePublished":"2024-03-15T15:00:00+00:00","author":{"@id":"https:\/\/erikeriksson.nu\/#\/schema\/person\/dfa17d175b56c3520066f752da240d97"},"breadcrumb":{"@id":"https:\/\/erikeriksson.nu\/de\/blog\/rosenmontagszug-koeln-aufstellung\/#breadcrumb"},"inLanguage":"de","potentialAction":[{"@type":"ReadAction","target":["https:\/\/erikeriksson.nu\/de\/blog\/rosenmontagszug-koeln-aufstellung\/"]}]},{"@type":"ImageObject","inLanguage":"de","@id":"https:\/\/erikeriksson.nu\/de\/blog\/rosenmontagszug-koeln-aufstellung\/#primaryimage","url":"https:\/\/erikeriksson.nu\/wp-content\/uploads\/2024\/02\/fotball-4-2.jpg","contentUrl":"https:\/\/erikeriksson.nu\/wp-content\/uploads\/2024\/02\/fotball-4-2.jpg","width":1290,"height":790},{"@type":"BreadcrumbList","@id":"https:\/\/erikeriksson.nu\/de\/blog\/rosenmontagszug-koeln-aufstellung\/#breadcrumb","itemListElement":[{"@type":"ListItem","position":1,"name":"Hem","item":"https:\/\/erikeriksson.nu\/de\/"},{"@type":"ListItem","position":2,"name":"Rosenmontagszug K\u00f6ln Aufstellung"}]},{"@type":"WebSite","@id":"https:\/\/erikeriksson.nu\/#website","url":"https:\/\/erikeriksson.nu\/","name":"Erik Eriksson","description":"Guider och recensioner","potentialAction":[{"@type":"SearchAction","target":{"@type":"EntryPoint","urlTemplate":"https:\/\/erikeriksson.nu\/?s={search_term_string}"},"query-input":{"@type":"PropertyValueSpecification","valueRequired":true,"valueName":"search_term_string"}}],"inLanguage":"de"},{"@type":"Person","@id":"https:\/\/erikeriksson.nu\/#\/schema\/person\/dfa17d175b56c3520066f752da240d97","name":"erikeriksson","image":{"@type":"ImageObject","inLanguage":"de","@id":"https:\/\/secure.gravatar.com\/avatar\/cd40d0121d9680119c99e20d43d3708e62a6798b3e61d8814bcdd4c7b52e97b6?s=96&d=mm&r=g","url":"https:\/\/secure.gravatar.com\/avatar\/cd40d0121d9680119c99e20d43d3708e62a6798b3e61d8814bcdd4c7b52e97b6?s=96&d=mm&r=g","contentUrl":"https:\/\/secure.gravatar.com\/avatar\/cd40d0121d9680119c99e20d43d3708e62a6798b3e61d8814bcdd4c7b52e97b6?s=96&d=mm&r=g","caption":"erikeriksson"},"sameAs":["https:\/\/erikeriksson.nu"],"url":"https:\/\/erikeriksson.nu\/de\/author\/erikeriksson\/"}]}},"_links":{"self":[{"href":"https:\/\/erikeriksson.nu\/de\/wp-json\/wp\/v2\/posts\/1877","targetHints":{"allow":["GET"]}}],"collection":[{"href":"https:\/\/erikeriksson.nu\/de\/wp-json\/wp\/v2\/posts"}],"about":[{"href":"https:\/\/erikeriksson.nu\/de\/wp-json\/wp\/v2\/types\/post"}],"author":[{"embeddable":true,"href":"https:\/\/erikeriksson.nu\/de\/wp-json\/wp\/v2\/users\/1"}],"replies":[{"embeddable":true,"href":"https:\/\/erikeriksson.nu\/de\/wp-json\/wp\/v2\/comments?post=1877"}],"version-history":[{"count":1,"href":"https:\/\/erikeriksson.nu\/de\/wp-json\/wp\/v2\/posts\/1877\/revisions"}],"predecessor-version":[{"id":1960,"href":"https:\/\/erikeriksson.nu\/de\/wp-json\/wp\/v2\/posts\/1877\/revisions\/1960"}],"wp:featuredmedia":[{"embeddable":true,"href":"https:\/\/erikeriksson.nu\/de\/wp-json\/wp\/v2\/media\/1775"}],"wp:attachment":[{"href":"https:\/\/erikeriksson.nu\/de\/wp-json\/wp\/v2\/media?parent=1877"}],"wp:term":[{"taxonomy":"category","embeddable":true,"href":"https:\/\/erikeriksson.nu\/de\/wp-json\/wp\/v2\/categories?post=1877"},{"taxonomy":"post_tag","embeddable":true,"href":"https:\/\/erikeriksson.nu\/de\/wp-json\/wp\/v2\/tags?post=1877"}],"curies":[{"name":"wp","href":"https:\/\/api.w.org\/{rel}","templated":true}]}}