{"id":1903,"date":"2024-04-12T19:00:00","date_gmt":"2024-04-12T19:00:00","guid":{"rendered":"https:\/\/erikeriksson.nu\/?p=1903"},"modified":"2024-04-12T19:00:00","modified_gmt":"2024-04-12T19:00:00","slug":"fc-koeln-aufstellung-heute","status":"publish","type":"post","link":"https:\/\/erikeriksson.nu\/de\/blog\/fc-koeln-aufstellung-heute\/","title":{"rendered":"Fc K\u00f6ln-aufstellung Heute"},"content":{"rendered":"<p>Die Aufstellung des 1. FC K\u00f6ln f\u00fcr das heutige Spiel ist immer ein Thema voller Spannung und Spekulationen f\u00fcr die Fans. Wie wird der Trainer entscheiden? Welche taktische Ausrichtung w\u00e4hlt er, und welche Spieler bekommen die Chance, von Anfang an auf dem Feld zu stehen? In diesem Artikel werfen wir einen Blick auf die m\u00f6gliche Aufstellung des FC K\u00f6ln f\u00fcr das heutige Match und diskutieren die strategischen \u00dcberlegungen dahinter.<\/p>\n<h2>M\u00f6gliche Startelf des FC K\u00f6ln heute<\/h2>\n<p>Mit Blick auf die letzten Spiele und die aktuelle Form der Spieler l\u00e4sst sich eine m\u00f6gliche Startelf des FC K\u00f6ln f\u00fcr das heutige Spiel vorhersagen. Nat\u00fcrlich k\u00f6nnen letzte Entscheidungen des Trainers oder unerwartete Verletzungen diese Aufstellung noch \u00e4ndern.<\/p>\n<table>\n<tr>\n<th>Position<\/th>\n<th>Spieler<\/th>\n<\/tr>\n<tr>\n<td>Torwart<\/td>\n<td>Tim Horn<\/td>\n<\/tr>\n<tr>\n<td>Verteidigung<\/td>\n<td>Jorge Mer\u00e9, Rafael Czichos, Jonas Hector<\/td>\n<\/tr>\n<tr>\n<td>Mittelfeld<\/td>\n<td>Ellyes Skhiri, Jonas Hector, Dominick Drexler<\/td>\n<\/tr>\n<tr>\n<td>Angriff<\/td>\n<td>Sebastian Andersson, Ondrej Duda<\/td>\n<\/tr>\n<\/table>\n<h2>Strategische \u00dcberlegungen hinter der heutigen Aufstellung<\/h2>\n<p>Die Auswahl der Startelf ist nicht nur eine Frage der individuellen Qualit\u00e4t der Spieler, sondern h\u00e4ngt eng mit der taktischen Ausrichtung des Teams und der Analyse des Gegners zusammen. Der FC K\u00f6ln ist bekannt f\u00fcr sein variables Spiel, das sowohl auf Ballbesitz als auch auf schnelle Gegenangriffe ausgerichtet sein kann.<\/p>\n<ul>\n<li>Defensive Stabilit\u00e4t: Mit einer soliden Viererkette und Skhiri als defensivem Mittelfeldspieler legt der FC K\u00f6ln gro\u00dfen Wert auf eine stabile Defensive.<\/li>\n<li>Kreativit\u00e4t im Mittelfeld: Durch Spieler wie Hector und Drexler soll das Spiel nach vorne gestaltet und Chancen kreiert werden.<\/li>\n<li>Variabilit\u00e4t im Angriff: Mit Andersson als Zielst\u00fcrmer und Duda dahinter setzt der FC K\u00f6ln auf eine gef\u00e4hrliche Kombination aus physischer Pr\u00e4senz und technischer Finesse.<\/li>\n<\/ul>\n<h2>Fazit<\/h2>\n<p>Die heutige Aufstellung des FC K\u00f6ln spiegelt die strategische Planung und die Flexibilit\u00e4t des Teams wider. Mit einer ausgewogenen Mischung aus erfahrenen Spielern und jungen Talenten, gepaart mit einer klugen taktischen Ausrichtung, ist der 1. FC K\u00f6ln bestens aufgestellt, um das Spiel heute zu bestreiten. Die endg\u00fcltige Entscheidung \u00fcber die Aufstellung liegt beim Trainer, aber die Fans k\u00f6nnen sich darauf verlassen, dass jedes Detail bedacht wurde, um einen erfolgreichen Spieltag zu garantieren.<\/p>\n","protected":false},"excerpt":{"rendered":"<p>Die Aufstellung des 1. FC K\u00f6ln f\u00fcr das heutige Spiel ist immer ein Thema voller Spannung und Spekulationen f\u00fcr die Fans. Wie wird der Trainer entscheiden? Welche taktische Ausrichtung w\u00e4hlt er, und welche Spieler bekommen die Chance, von Anfang an auf dem Feld zu stehen? In diesem Artikel werfen wir einen Blick auf die m\u00f6gliche [&hellip;]<\/p>\n","protected":false},"author":1,"featured_media":1793,"comment_status":"open","ping_status":"open","sticky":false,"template":"","format":"standard","meta":{"footnotes":""},"categories":[68],"tags":[],"class_list":["post-1903","post","type-post","status-publish","format-standard","has-post-thumbnail","hentry","category-blog"],"yoast_head":"<!-- This site is optimized with the Yoast SEO plugin v27.5 - https:\/\/yoast.com\/product\/yoast-seo-wordpress\/ -->\n<title>Fc K\u00f6ln-aufstellung Heute - Erik Eriksson<\/title>\n<meta name=\"robots\" content=\"index, follow, max-snippet:-1, max-image-preview:large, max-video-preview:-1\" \/>\n<link rel=\"canonical\" href=\"https:\/\/erikeriksson.nu\/de\/blog\/fc-koeln-aufstellung-heute\/\" \/>\n<meta property=\"og:locale\" content=\"de_DE\" \/>\n<meta property=\"og:type\" content=\"article\" \/>\n<meta property=\"og:title\" content=\"Fc K\u00f6ln-aufstellung Heute - Erik Eriksson\" \/>\n<meta property=\"og:description\" content=\"Die Aufstellung des 1. FC K\u00f6ln f\u00fcr das heutige Spiel ist immer ein Thema voller Spannung und Spekulationen f\u00fcr die Fans. Wie wird der Trainer entscheiden? Welche taktische Ausrichtung w\u00e4hlt er, und welche Spieler bekommen die Chance, von Anfang an auf dem Feld zu stehen? In diesem Artikel werfen wir einen Blick auf die m\u00f6gliche [&hellip;]\" \/>\n<meta property=\"og:url\" content=\"https:\/\/erikeriksson.nu\/de\/blog\/fc-koeln-aufstellung-heute\/\" \/>\n<meta property=\"og:site_name\" content=\"Erik Eriksson\" \/>\n<meta property=\"article:published_time\" content=\"2024-04-12T19:00:00+00:00\" \/>\n<meta property=\"og:image\" content=\"https:\/\/erikeriksson.nu\/wp-content\/uploads\/2024\/02\/fotball-7-kopia-2.jpg\" \/>\n\t<meta property=\"og:image:width\" content=\"1290\" \/>\n\t<meta property=\"og:image:height\" content=\"790\" \/>\n\t<meta property=\"og:image:type\" content=\"image\/jpeg\" \/>\n<meta name=\"author\" content=\"erikeriksson\" \/>\n<meta name=\"twitter:card\" content=\"summary_large_image\" \/>\n<meta name=\"twitter:label1\" content=\"Verfasst von\" \/>\n\t<meta name=\"twitter:data1\" content=\"erikeriksson\" \/>\n\t<meta name=\"twitter:label2\" content=\"Gesch\u00e4tzte Lesezeit\" \/>\n\t<meta name=\"twitter:data2\" content=\"2\u00a0Minuten\" \/>\n<script type=\"application\/ld+json\" class=\"yoast-schema-graph\">{\"@context\":\"https:\\\/\\\/schema.org\",\"@graph\":[{\"@type\":\"Article\",\"@id\":\"https:\\\/\\\/erikeriksson.nu\\\/de\\\/blog\\\/fc-koeln-aufstellung-heute\\\/#article\",\"isPartOf\":{\"@id\":\"https:\\\/\\\/erikeriksson.nu\\\/de\\\/blog\\\/fc-koeln-aufstellung-heute\\\/\"},\"author\":{\"name\":\"erikeriksson\",\"@id\":\"https:\\\/\\\/erikeriksson.nu\\\/#\\\/schema\\\/person\\\/dfa17d175b56c3520066f752da240d97\"},\"headline\":\"Fc K\u00f6ln-aufstellung Heute\",\"datePublished\":\"2024-04-12T19:00:00+00:00\",\"mainEntityOfPage\":{\"@id\":\"https:\\\/\\\/erikeriksson.nu\\\/de\\\/blog\\\/fc-koeln-aufstellung-heute\\\/\"},\"wordCount\":365,\"commentCount\":0,\"image\":{\"@id\":\"https:\\\/\\\/erikeriksson.nu\\\/de\\\/blog\\\/fc-koeln-aufstellung-heute\\\/#primaryimage\"},\"thumbnailUrl\":\"https:\\\/\\\/erikeriksson.nu\\\/wp-content\\\/uploads\\\/2024\\\/02\\\/fotball-7-kopia-2.jpg\",\"articleSection\":[\"Blog\"],\"inLanguage\":\"de\",\"potentialAction\":[{\"@type\":\"CommentAction\",\"name\":\"Comment\",\"target\":[\"https:\\\/\\\/erikeriksson.nu\\\/de\\\/blog\\\/fc-koeln-aufstellung-heute\\\/#respond\"]}]},{\"@type\":\"WebPage\",\"@id\":\"https:\\\/\\\/erikeriksson.nu\\\/de\\\/blog\\\/fc-koeln-aufstellung-heute\\\/\",\"url\":\"https:\\\/\\\/erikeriksson.nu\\\/de\\\/blog\\\/fc-koeln-aufstellung-heute\\\/\",\"name\":\"Fc K\u00f6ln-aufstellung Heute - Erik Eriksson\",\"isPartOf\":{\"@id\":\"https:\\\/\\\/erikeriksson.nu\\\/#website\"},\"primaryImageOfPage\":{\"@id\":\"https:\\\/\\\/erikeriksson.nu\\\/de\\\/blog\\\/fc-koeln-aufstellung-heute\\\/#primaryimage\"},\"image\":{\"@id\":\"https:\\\/\\\/erikeriksson.nu\\\/de\\\/blog\\\/fc-koeln-aufstellung-heute\\\/#primaryimage\"},\"thumbnailUrl\":\"https:\\\/\\\/erikeriksson.nu\\\/wp-content\\\/uploads\\\/2024\\\/02\\\/fotball-7-kopia-2.jpg\",\"datePublished\":\"2024-04-12T19:00:00+00:00\",\"author\":{\"@id\":\"https:\\\/\\\/erikeriksson.nu\\\/#\\\/schema\\\/person\\\/dfa17d175b56c3520066f752da240d97\"},\"breadcrumb\":{\"@id\":\"https:\\\/\\\/erikeriksson.nu\\\/de\\\/blog\\\/fc-koeln-aufstellung-heute\\\/#breadcrumb\"},\"inLanguage\":\"de\",\"potentialAction\":[{\"@type\":\"ReadAction\",\"target\":[\"https:\\\/\\\/erikeriksson.nu\\\/de\\\/blog\\\/fc-koeln-aufstellung-heute\\\/\"]}]},{\"@type\":\"ImageObject\",\"inLanguage\":\"de\",\"@id\":\"https:\\\/\\\/erikeriksson.nu\\\/de\\\/blog\\\/fc-koeln-aufstellung-heute\\\/#primaryimage\",\"url\":\"https:\\\/\\\/erikeriksson.nu\\\/wp-content\\\/uploads\\\/2024\\\/02\\\/fotball-7-kopia-2.jpg\",\"contentUrl\":\"https:\\\/\\\/erikeriksson.nu\\\/wp-content\\\/uploads\\\/2024\\\/02\\\/fotball-7-kopia-2.jpg\",\"width\":1290,\"height\":790},{\"@type\":\"BreadcrumbList\",\"@id\":\"https:\\\/\\\/erikeriksson.nu\\\/de\\\/blog\\\/fc-koeln-aufstellung-heute\\\/#breadcrumb\",\"itemListElement\":[{\"@type\":\"ListItem\",\"position\":1,\"name\":\"Hem\",\"item\":\"https:\\\/\\\/erikeriksson.nu\\\/de\\\/\"},{\"@type\":\"ListItem\",\"position\":2,\"name\":\"Fc K\u00f6ln-aufstellung Heute\"}]},{\"@type\":\"WebSite\",\"@id\":\"https:\\\/\\\/erikeriksson.nu\\\/#website\",\"url\":\"https:\\\/\\\/erikeriksson.nu\\\/\",\"name\":\"Erik Eriksson\",\"description\":\"Guider och recensioner\",\"potentialAction\":[{\"@type\":\"SearchAction\",\"target\":{\"@type\":\"EntryPoint\",\"urlTemplate\":\"https:\\\/\\\/erikeriksson.nu\\\/?s={search_term_string}\"},\"query-input\":{\"@type\":\"PropertyValueSpecification\",\"valueRequired\":true,\"valueName\":\"search_term_string\"}}],\"inLanguage\":\"de\"},{\"@type\":\"Person\",\"@id\":\"https:\\\/\\\/erikeriksson.nu\\\/#\\\/schema\\\/person\\\/dfa17d175b56c3520066f752da240d97\",\"name\":\"erikeriksson\",\"image\":{\"@type\":\"ImageObject\",\"inLanguage\":\"de\",\"@id\":\"https:\\\/\\\/secure.gravatar.com\\\/avatar\\\/cd40d0121d9680119c99e20d43d3708e62a6798b3e61d8814bcdd4c7b52e97b6?s=96&d=mm&r=g\",\"url\":\"https:\\\/\\\/secure.gravatar.com\\\/avatar\\\/cd40d0121d9680119c99e20d43d3708e62a6798b3e61d8814bcdd4c7b52e97b6?s=96&d=mm&r=g\",\"contentUrl\":\"https:\\\/\\\/secure.gravatar.com\\\/avatar\\\/cd40d0121d9680119c99e20d43d3708e62a6798b3e61d8814bcdd4c7b52e97b6?s=96&d=mm&r=g\",\"caption\":\"erikeriksson\"},\"sameAs\":[\"http:\\\/\\\/erikeriksson.nu\"],\"url\":\"https:\\\/\\\/erikeriksson.nu\\\/de\\\/author\\\/erikeriksson\\\/\"}]}<\/script>\n<!-- \/ Yoast SEO plugin. -->","yoast_head_json":{"title":"Fc K\u00f6ln-aufstellung Heute - Erik Eriksson","robots":{"index":"index","follow":"follow","max-snippet":"max-snippet:-1","max-image-preview":"max-image-preview:large","max-video-preview":"max-video-preview:-1"},"canonical":"https:\/\/erikeriksson.nu\/de\/blog\/fc-koeln-aufstellung-heute\/","og_locale":"de_DE","og_type":"article","og_title":"Fc K\u00f6ln-aufstellung Heute - Erik Eriksson","og_description":"Die Aufstellung des 1. FC K\u00f6ln f\u00fcr das heutige Spiel ist immer ein Thema voller Spannung und Spekulationen f\u00fcr die Fans. Wie wird der Trainer entscheiden? Welche taktische Ausrichtung w\u00e4hlt er, und welche Spieler bekommen die Chance, von Anfang an auf dem Feld zu stehen? In diesem Artikel werfen wir einen Blick auf die m\u00f6gliche [&hellip;]","og_url":"https:\/\/erikeriksson.nu\/de\/blog\/fc-koeln-aufstellung-heute\/","og_site_name":"Erik Eriksson","article_published_time":"2024-04-12T19:00:00+00:00","og_image":[{"width":1290,"height":790,"url":"https:\/\/erikeriksson.nu\/wp-content\/uploads\/2024\/02\/fotball-7-kopia-2.jpg","type":"image\/jpeg"}],"author":"erikeriksson","twitter_card":"summary_large_image","twitter_misc":{"Verfasst von":"erikeriksson","Gesch\u00e4tzte Lesezeit":"2\u00a0Minuten"},"schema":{"@context":"https:\/\/schema.org","@graph":[{"@type":"Article","@id":"https:\/\/erikeriksson.nu\/de\/blog\/fc-koeln-aufstellung-heute\/#article","isPartOf":{"@id":"https:\/\/erikeriksson.nu\/de\/blog\/fc-koeln-aufstellung-heute\/"},"author":{"name":"erikeriksson","@id":"https:\/\/erikeriksson.nu\/#\/schema\/person\/dfa17d175b56c3520066f752da240d97"},"headline":"Fc K\u00f6ln-aufstellung Heute","datePublished":"2024-04-12T19:00:00+00:00","mainEntityOfPage":{"@id":"https:\/\/erikeriksson.nu\/de\/blog\/fc-koeln-aufstellung-heute\/"},"wordCount":365,"commentCount":0,"image":{"@id":"https:\/\/erikeriksson.nu\/de\/blog\/fc-koeln-aufstellung-heute\/#primaryimage"},"thumbnailUrl":"https:\/\/erikeriksson.nu\/wp-content\/uploads\/2024\/02\/fotball-7-kopia-2.jpg","articleSection":["Blog"],"inLanguage":"de","potentialAction":[{"@type":"CommentAction","name":"Comment","target":["https:\/\/erikeriksson.nu\/de\/blog\/fc-koeln-aufstellung-heute\/#respond"]}]},{"@type":"WebPage","@id":"https:\/\/erikeriksson.nu\/de\/blog\/fc-koeln-aufstellung-heute\/","url":"https:\/\/erikeriksson.nu\/de\/blog\/fc-koeln-aufstellung-heute\/","name":"Fc K\u00f6ln-aufstellung Heute - Erik Eriksson","isPartOf":{"@id":"https:\/\/erikeriksson.nu\/#website"},"primaryImageOfPage":{"@id":"https:\/\/erikeriksson.nu\/de\/blog\/fc-koeln-aufstellung-heute\/#primaryimage"},"image":{"@id":"https:\/\/erikeriksson.nu\/de\/blog\/fc-koeln-aufstellung-heute\/#primaryimage"},"thumbnailUrl":"https:\/\/erikeriksson.nu\/wp-content\/uploads\/2024\/02\/fotball-7-kopia-2.jpg","datePublished":"2024-04-12T19:00:00+00:00","author":{"@id":"https:\/\/erikeriksson.nu\/#\/schema\/person\/dfa17d175b56c3520066f752da240d97"},"breadcrumb":{"@id":"https:\/\/erikeriksson.nu\/de\/blog\/fc-koeln-aufstellung-heute\/#breadcrumb"},"inLanguage":"de","potentialAction":[{"@type":"ReadAction","target":["https:\/\/erikeriksson.nu\/de\/blog\/fc-koeln-aufstellung-heute\/"]}]},{"@type":"ImageObject","inLanguage":"de","@id":"https:\/\/erikeriksson.nu\/de\/blog\/fc-koeln-aufstellung-heute\/#primaryimage","url":"https:\/\/erikeriksson.nu\/wp-content\/uploads\/2024\/02\/fotball-7-kopia-2.jpg","contentUrl":"https:\/\/erikeriksson.nu\/wp-content\/uploads\/2024\/02\/fotball-7-kopia-2.jpg","width":1290,"height":790},{"@type":"BreadcrumbList","@id":"https:\/\/erikeriksson.nu\/de\/blog\/fc-koeln-aufstellung-heute\/#breadcrumb","itemListElement":[{"@type":"ListItem","position":1,"name":"Hem","item":"https:\/\/erikeriksson.nu\/de\/"},{"@type":"ListItem","position":2,"name":"Fc K\u00f6ln-aufstellung Heute"}]},{"@type":"WebSite","@id":"https:\/\/erikeriksson.nu\/#website","url":"https:\/\/erikeriksson.nu\/","name":"Erik Eriksson","description":"Guider och recensioner","potentialAction":[{"@type":"SearchAction","target":{"@type":"EntryPoint","urlTemplate":"https:\/\/erikeriksson.nu\/?s={search_term_string}"},"query-input":{"@type":"PropertyValueSpecification","valueRequired":true,"valueName":"search_term_string"}}],"inLanguage":"de"},{"@type":"Person","@id":"https:\/\/erikeriksson.nu\/#\/schema\/person\/dfa17d175b56c3520066f752da240d97","name":"erikeriksson","image":{"@type":"ImageObject","inLanguage":"de","@id":"https:\/\/secure.gravatar.com\/avatar\/cd40d0121d9680119c99e20d43d3708e62a6798b3e61d8814bcdd4c7b52e97b6?s=96&d=mm&r=g","url":"https:\/\/secure.gravatar.com\/avatar\/cd40d0121d9680119c99e20d43d3708e62a6798b3e61d8814bcdd4c7b52e97b6?s=96&d=mm&r=g","contentUrl":"https:\/\/secure.gravatar.com\/avatar\/cd40d0121d9680119c99e20d43d3708e62a6798b3e61d8814bcdd4c7b52e97b6?s=96&d=mm&r=g","caption":"erikeriksson"},"sameAs":["https:\/\/erikeriksson.nu"],"url":"https:\/\/erikeriksson.nu\/de\/author\/erikeriksson\/"}]}},"_links":{"self":[{"href":"https:\/\/erikeriksson.nu\/de\/wp-json\/wp\/v2\/posts\/1903","targetHints":{"allow":["GET"]}}],"collection":[{"href":"https:\/\/erikeriksson.nu\/de\/wp-json\/wp\/v2\/posts"}],"about":[{"href":"https:\/\/erikeriksson.nu\/de\/wp-json\/wp\/v2\/types\/post"}],"author":[{"embeddable":true,"href":"https:\/\/erikeriksson.nu\/de\/wp-json\/wp\/v2\/users\/1"}],"replies":[{"embeddable":true,"href":"https:\/\/erikeriksson.nu\/de\/wp-json\/wp\/v2\/comments?post=1903"}],"version-history":[{"count":1,"href":"https:\/\/erikeriksson.nu\/de\/wp-json\/wp\/v2\/posts\/1903\/revisions"}],"predecessor-version":[{"id":2081,"href":"https:\/\/erikeriksson.nu\/de\/wp-json\/wp\/v2\/posts\/1903\/revisions\/2081"}],"wp:featuredmedia":[{"embeddable":true,"href":"https:\/\/erikeriksson.nu\/de\/wp-json\/wp\/v2\/media\/1793"}],"wp:attachment":[{"href":"https:\/\/erikeriksson.nu\/de\/wp-json\/wp\/v2\/media?parent=1903"}],"wp:term":[{"taxonomy":"category","embeddable":true,"href":"https:\/\/erikeriksson.nu\/de\/wp-json\/wp\/v2\/categories?post=1903"},{"taxonomy":"post_tag","embeddable":true,"href":"https:\/\/erikeriksson.nu\/de\/wp-json\/wp\/v2\/tags?post=1903"}],"curies":[{"name":"wp","href":"https:\/\/api.w.org\/{rel}","templated":true}]}}